{"id":3235,"date":"2018-08-30T18:52:03","date_gmt":"2018-08-31T01:52:03","guid":{"rendered":"https:\/\/www.vitellelab.com\/?p=3235"},"modified":"2023-07-19T16:49:09","modified_gmt":"2023-07-19T23:49:09","slug":"top-3-skincare-mistakes-i-made-before-becoming-an-estheticain","status":"publish","type":"post","link":"https:\/\/www.vitellelab.com\/fr\/top-3-skincare-mistakes-i-made-before-becoming-an-estheticain","title":{"rendered":"TOP 3 DES ERREURS DE SOIN QUE J'AI COMMISES AVANT DE DEVENIR ESTH\u00c9TICIENNE"},"content":{"rendered":"<p>Avant d'explorer le monde de la peau, il y avait tant de choses que j'ignorais. Comprendre notre plus grand organe a jou\u00e9 un r\u00f4le cl\u00e9 pour m'orienter vers un \u00e9quilibre cutan\u00e9 sain. Certaines des erreurs que j'ai commises sont des malentendus fr\u00e9quents dans la population en g\u00e9n\u00e9ral. Voici mes trois principales erreurs, qui vous donneront un aper\u00e7u de ce qu'il ne faut pas faire et vous permettront de comprendre pourquoi.<\/p>\n<p><strong>Erreur n\u00b0 1<\/strong><br \/>\nJe suis coupable d'avoir adopt\u00e9 le look matinal \"Ma nuit a \u00e9t\u00e9 meilleure que la tienne\" ! Si seulement je connaissais la v\u00e9rit\u00e9 sous-jacente de ce qui s'est r\u00e9ellement pass\u00e9 lorsque je me suis couch\u00e9e et que je me suis r\u00e9veill\u00e9e avec un fond de teint impeccable toujours intact.<\/p>\n<p>La prise de conscience n'a commenc\u00e9 qu'avec la compr\u00e9hension de la fonctionnalit\u00e9 de nos pores. Les pores servent non seulement \u00e0 absorber les produits, mais aussi \u00e0 excr\u00e9ter le s\u00e9bum pour lubrifier et prot\u00e9ger la peau - en formant un manteau acide. Dormir avec une couche de maquillage emp\u00eache le s\u00e9bum d'achever son voyage vers la surface de la peau, ce qui provoque une congestion et peut \u00e9ventuellement entra\u00eener des imperfections.<\/p>\n<p>Pendant des ann\u00e9es, j'ai respect\u00e9 ce tabou en mati\u00e8re de soins de la peau et je ne me suis jamais arr\u00eat\u00e9e pour imaginer ce qui, en dehors de mon maquillage, faisait son apparition \u00e0 la surface de ma peau. Lorsque vous entendez l'expression \"Laver la journ\u00e9e\", cela signifie en fait nettoyer tout ce que vous avez rencontr\u00e9 ce jour-l\u00e0. Cela inclut tous les radicaux libres, les polluants et les particules de salet\u00e9 que vous avez ramass\u00e9s en cours de route et qui s'endorment avec vous la nuit si vous sautez cette \u00e9tape essentielle !<\/p>\n<p>&nbsp;<\/p>\n<p><strong>Erreur n\u00b02<\/strong><br \/>\nAvec un score de 5 sur l'\u00e9chelle de Fitzpatrick, j'ai une peau qui br\u00fble rarement au soleil et qui pr\u00e9sente moins de risques de cancer de la peau que les teints plus clairs. Une journ\u00e9e \u00e0 la plage me laisse un \u00e9clat de soleil - une b\u00e9n\u00e9diction, n'est-ce pas ?<\/p>\n<p>La notion de \"protection solaire\" pour pr\u00e9venir les dommages dans les ann\u00e9es \u00e0 venir ne m'a jamais travers\u00e9 l'esprit en raison d'un manque de compr\u00e9hension du pouvoir des rayons UV en ce qui concerne la peau et le vieillissement. Parmi les signes les plus courants d'un vieillissement pr\u00e9matur\u00e9 d\u00fb \u00e0 l'exposition au soleil, on trouve les ridules, les rides et les d\u00e9colorations. Heureusement, gr\u00e2ce \u00e0 un soup\u00e7on d'\u00e9ducation, j'ai pu changer la direction que je prenais dans mon parcours de soins de la peau en ce qui concerne les rayons brillants. La vie \u00e9volue \u00e0 la vitesse de la lumi\u00e8re, mais si vous pouviez retarder le vieillissement en appliquant un \u00e9cran solaire, ne le feriez-vous pas ? Si vous souhaitez tout de m\u00eame obtenir cet \u00e9clat de soleil, optez plut\u00f4t pour celle qui se trouve dans une bouteille - votre secret est bien gard\u00e9 !<\/p>\n<p>&nbsp;<\/p>\n<p><strong>Erreur n\u00b0 3<\/strong><br \/>\nMa routine de base consistait \u00e0 utiliser un nettoyant, un astringent pour combattre les imperfections et, de temps en temps, un gommage rapide qui, \u00e0 l'\u00e9poque, semblait fonctionner \u00e0 merveille. Qu'importe si un visage fra\u00eechement nettoy\u00e9 tiraille au d\u00e9but ? Au moins, ma peau \"paraissait\" claire et je pouvais compter sur le retour de la brillance induite par le s\u00e9bum.<\/p>\n<p>J'aurais aim\u00e9 savoir que le fait de sauter un produit de finition pour \u00e9viter d'avoir le teint gras me poussait en fait \u00e0 produire un exc\u00e8s de s\u00e9bum. Comprendre la relation entre la d\u00e9shydratation de la peau et l'hydratation de la peau s\u00e8che m'a permis de comprendre que malgr\u00e9 l'exc\u00e8s de s\u00e9bum, ma peau avait soif d'hydratation ! En \u00e9liminant tout le s\u00e9bum de mon visage, mes glandes s\u00e9bac\u00e9es se sont affol\u00e9es et ont d\u00fb faire des heures suppl\u00e9mentaires pour fournir une couche de protection. Un simple changement consistant \u00e0 combler les besoins de ma peau avec des humectants, comme l'acide hyaluronique, m'a permis de retrouver l'harmonie d'une peau saine qui me manquait. Aujourd'hui, je me surprends m\u00eame \u00e0 me laisser tenter par une cr\u00e8me \u00e9paisse le soir, pour me faire plaisir.<\/p>\n<p>&nbsp;<\/p>\n<p>Sans connaissances pr\u00e9alables, il peut \u00eatre difficile d'aborder les probl\u00e8mes de peau et d'\u00eatre s\u00fbr de prendre les mesures appropri\u00e9es. Au lieu de sauter une \u00e9tape importante, demandez conseil \u00e0 votre sp\u00e9cialiste des soins de la peau qui vous orientera dans la bonne direction.<\/p>\n<p>&nbsp;<\/p>\n<p><img data-recalc-dims=\"1\" decoding=\"async\" class=\"alignnone wp-image-3239\" src=\"https:\/\/i0.wp.com\/www.vitellelab.com\/wp-content\/uploads\/2018\/08\/ShanleyLal_Vitelle-Labs.jpg?resize=257%2C321&#038;ssl=1\" alt=\"Shanley Lal\" width=\"257\" height=\"321\" \/><\/p>\n<p>Shanley Lal<br \/>\nSp\u00e9cialiste des produits\/esth\u00e9ticienne<br \/>\nStart your journey<\/p>\n<p>&nbsp;<\/p>","protected":false},"excerpt":{"rendered":"<p>Before exploring the world of skin, there was so much I didn\u2019t know. Understanding our largest organ played a key role in directing me to a healthy skin balance. Some of the mistakes I made are frequent misunderstandings among the general population. Here are my top three that will provide you with a little insight about what not to do and a basic understanding on why. Mistake #1 Guilty as charged when it comes to the \u201cMy night was [&hellip;]<\/p>","protected":false},"author":1,"featured_media":3237,"comment_status":"closed","ping_status":"open","sticky":false,"template":"","format":"standard","meta":{"om_disable_all_campaigns":false,"_monsterinsights_skip_tracking":false,"_monsterinsights_sitenote_active":false,"_monsterinsights_sitenote_note":"","_monsterinsights_sitenote_category":0,"_jetpack_memberships_contains_paid_content":false,"footnotes":""},"categories":[2,5,6,7],"tags":[],"class_list":["post-3235","post","type-post","status-publish","format-standard","has-post-thumbnail","hentry","category-blog","category-featured","category-inspiration","category-news"],"aioseo_notices":[],"jetpack_featured_media_url":"https:\/\/i0.wp.com\/www.vitellelab.com\/wp-content\/uploads\/2018\/08\/August-2018-Shanley-Blog-Post.jpg?fit=1200%2C800&ssl=1","jetpack_shortlink":"https:\/\/wp.me\/p95uaQ-Qb","jetpack_sharing_enabled":true,"_links":{"self":[{"href":"https:\/\/www.vitellelab.com\/fr\/wp-json\/wp\/v2\/posts\/3235"}],"collection":[{"href":"https:\/\/www.vitellelab.com\/fr\/wp-json\/wp\/v2\/posts"}],"about":[{"href":"https:\/\/www.vitellelab.com\/fr\/wp-json\/wp\/v2\/types\/post"}],"author":[{"embeddable":true,"href":"https:\/\/www.vitellelab.com\/fr\/wp-json\/wp\/v2\/users\/1"}],"replies":[{"embeddable":true,"href":"https:\/\/www.vitellelab.com\/fr\/wp-json\/wp\/v2\/comments?post=3235"}],"version-history":[{"count":0,"href":"https:\/\/www.vitellelab.com\/fr\/wp-json\/wp\/v2\/posts\/3235\/revisions"}],"wp:featuredmedia":[{"embeddable":true,"href":"https:\/\/www.vitellelab.com\/fr\/wp-json\/wp\/v2\/media\/3237"}],"wp:attachment":[{"href":"https:\/\/www.vitellelab.com\/fr\/wp-json\/wp\/v2\/media?parent=3235"}],"wp:term":[{"taxonomy":"category","embeddable":true,"href":"https:\/\/www.vitellelab.com\/fr\/wp-json\/wp\/v2\/categories?post=3235"},{"taxonomy":"post_tag","embeddable":true,"href":"https:\/\/www.vitellelab.com\/fr\/wp-json\/wp\/v2\/tags?post=3235"}],"curies":[{"name":"wp","href":"https:\/\/api.w.org\/{rel}","templated":true}]}}